{"id":216,"date":"2021-04-22T10:19:25","date_gmt":"2021-04-22T10:19:25","guid":{"rendered":"https:\/\/urbanicom.de\/?p=216"},"modified":"2021-04-22T12:45:48","modified_gmt":"2021-04-22T12:45:48","slug":"innenstaedte-werden-wohlfuehlorte","status":"publish","type":"post","link":"https:\/\/urbanicom.de\/?p=216","title":{"rendered":"Innenst\u00e4dte werden Wohlf\u00fchlorte"},"content":{"rendered":"\n<div class=\"wp-block-media-text alignwide is-stacked-on-mobile\" style=\"grid-template-columns:33% auto\"><figure class=\"wp-block-media-text__media\"><img loading=\"lazy\" decoding=\"async\" width=\"250\" height=\"279\" src=\"https:\/\/urbanicom.de\/wp-content\/uploads\/2020\/01\/M-0035_38671_Hoffotografen-kl.jpg\" alt=\"\" class=\"wp-image-191\"\/><\/figure><div class=\"wp-block-media-text__content\">\n<p style=\"font-size:17px\">Interview mit Michael Reink, gesch\u00e4ftsf\u00fchrendes Vorstandsmitglied urbanicom e.V.<\/p>\n\n\n\n<p><a href=\"https:\/\/einzelhandel.de\/images\/Stadt-Handel\/Interview_Michael_Reink_zur_Innenstadtentwicklung-kurz.pdf\">>> Interview (PDF)<\/a><\/p>\n\n\n\n<p class=\"has-small-font-size\">Die Erstver\u00f6ffentlichung erfolgte im <a href=\"https:\/\/www.ooh-magazin.de\/2021-01\/24\/index.html\">OOH!-Magazin<\/a><\/p>\n<\/div><\/div>\n\n\n\n<p><\/p>\n","protected":false},"excerpt":{"rendered":"<p>Interview mit Michael Reink, gesch\u00e4ftsf\u00fchrendes Vorstandsmitglied urbanicom e.V. >> Interview (PDF) Die Erstver\u00f6ffentlichung erfolgte im OOH!-Magazin<\/p>\n","protected":false},"author":1,"featured_media":0,"comment_status":"closed","ping_status":"closed","sticky":false,"template":"","format":"standard","meta":{"footnotes":""},"categories":[5],"tags":[],"class_list":["post-216","post","type-post","status-publish","format-standard","hentry","category-aktuelles"],"_links":{"self":[{"href":"https:\/\/urbanicom.de\/index.php?rest_route=\/wp\/v2\/posts\/216"}],"collection":[{"href":"https:\/\/urbanicom.de\/index.php?rest_route=\/wp\/v2\/posts"}],"about":[{"href":"https:\/\/urbanicom.de\/index.php?rest_route=\/wp\/v2\/types\/post"}],"author":[{"embeddable":true,"href":"https:\/\/urbanicom.de\/index.php?rest_route=\/wp\/v2\/users\/1"}],"replies":[{"embeddable":true,"href":"https:\/\/urbanicom.de\/index.php?rest_route=%2Fwp%2Fv2%2Fcomments&post=216"}],"version-history":[{"count":6,"href":"https:\/\/urbanicom.de\/index.php?rest_route=\/wp\/v2\/posts\/216\/revisions"}],"predecessor-version":[{"id":222,"href":"https:\/\/urbanicom.de\/index.php?rest_route=\/wp\/v2\/posts\/216\/revisions\/222"}],"wp:attachment":[{"href":"https:\/\/urbanicom.de\/index.php?rest_route=%2Fwp%2Fv2%2Fmedia&parent=216"}],"wp:term":[{"taxonomy":"category","embeddable":true,"href":"https:\/\/urbanicom.de\/index.php?rest_route=%2Fwp%2Fv2%2Fcategories&post=216"},{"taxonomy":"post_tag","embeddable":true,"href":"https:\/\/urbanicom.de\/index.php?rest_route=%2Fwp%2Fv2%2Ftags&post=216"}],"curies":[{"name":"wp","href":"https:\/\/api.w.org\/{rel}","templated":true}]}}