{"id":226,"date":"2021-07-20T06:35:59","date_gmt":"2021-07-20T06:35:59","guid":{"rendered":"https:\/\/urbanicom.de\/?p=226"},"modified":"2021-07-20T06:36:35","modified_gmt":"2021-07-20T06:36:35","slug":"die-zukunftsfaehigkeit-der-innenstaedte-unter-dem-gesichtspunkt-der-konkurrenz-zwischen-online-und-stationaerem-handel","status":"publish","type":"post","link":"https:\/\/urbanicom.de\/?p=226","title":{"rendered":"Die Zukunftsf\u00e4higkeit der Innenst\u00e4dte unter dem Gesichtspunkt der Konkurrenz zwischen online und station\u00e4rem Handel"},"content":{"rendered":"\n<p>Artikel von Michael Reink (gesch\u00e4ftsf\u00fchrendes Vorstandsmitglied urbanicom) in der KommP Spezial, Heft 2 &#8211; 2021<\/p>\n\n\n\n<p>Innenst\u00e4dte sind einem st\u00e4ndigen Wandlungsprozess unterzogen. Doch die Dynamik der Gegenwart zwingt viele St\u00e4dte die Zukunft ihres Zentrums neu zu denken. Beeinflussende Faktoren sind u.a. die Klimaanpassungen, der Mobilit\u00e4tswandel aber auch die zunehmende Umsatzverschiebung vom station\u00e4ren in den Online-Handel sowie die derzeit in immer st\u00e4rkeren Umrissen erkennbaren Folgen der Corona-Krise. Die Gleichzeitigkeit der Ereignisse und die heutzutage \u00fcblichen Abstimmungsprozesse mit allen Akteursgruppen macht die Arbeit nicht einfacher. Dabei ist es notwendig alle Parameter im Auge zu behalten und die Interessen zu einem Ausgleich zu bringen, um die Zukunftsf\u00e4higkeit der Innenst\u00e4dte nachhaltig abzusichern. Unsere Innenst\u00e4dte ben\u00f6tigen eine neue Idee.<\/p>\n\n\n\n<!--more-->\n\n\n\n<p>Den ganzen Beitrag als PDF finden Sie hier zum Download:<\/p>\n\n\n\n<div class=\"wp-block-file\"><a href=\"https:\/\/urbanicom.de\/wp-content\/uploads\/2021\/07\/2021_01b_KommP-Spezial_Reink_final-05_07.pdf\">KommP-Spezial: Die Zukunftsf\u00e4higkeit der Innenst\u00e4dte<\/a><a href=\"https:\/\/urbanicom.de\/wp-content\/uploads\/2021\/07\/2021_01b_KommP-Spezial_Reink_final-05_07.pdf\" class=\"wp-block-file__button\" download>Herunterladen<\/a><\/div>\n","protected":false},"excerpt":{"rendered":"<p>Artikel von Michael Reink (gesch\u00e4ftsf\u00fchrendes Vorstandsmitglied urbanicom) in der KommP Spezial, Heft 2 &#8211; 2021 Innenst\u00e4dte sind einem st\u00e4ndigen Wandlungsprozess unterzogen. Doch die Dynamik der Gegenwart zwingt viele St\u00e4dte die Zukunft ihres Zentrums neu zu denken. Beeinflussende Faktoren sind u.a. &hellip; <a href=\"https:\/\/urbanicom.de\/?p=226\">Weiterlesen <span class=\"meta-nav\">&rarr;<\/span><\/a><\/p>\n","protected":false},"author":1,"featured_media":0,"comment_status":"closed","ping_status":"closed","sticky":false,"template":"","format":"standard","meta":{"footnotes":""},"categories":[5],"tags":[],"class_list":["post-226","post","type-post","status-publish","format-standard","hentry","category-aktuelles"],"_links":{"self":[{"href":"https:\/\/urbanicom.de\/index.php?rest_route=\/wp\/v2\/posts\/226"}],"collection":[{"href":"https:\/\/urbanicom.de\/index.php?rest_route=\/wp\/v2\/posts"}],"about":[{"href":"https:\/\/urbanicom.de\/index.php?rest_route=\/wp\/v2\/types\/post"}],"author":[{"embeddable":true,"href":"https:\/\/urbanicom.de\/index.php?rest_route=\/wp\/v2\/users\/1"}],"replies":[{"embeddable":true,"href":"https:\/\/urbanicom.de\/index.php?rest_route=%2Fwp%2Fv2%2Fcomments&post=226"}],"version-history":[{"count":2,"href":"https:\/\/urbanicom.de\/index.php?rest_route=\/wp\/v2\/posts\/226\/revisions"}],"predecessor-version":[{"id":229,"href":"https:\/\/urbanicom.de\/index.php?rest_route=\/wp\/v2\/posts\/226\/revisions\/229"}],"wp:attachment":[{"href":"https:\/\/urbanicom.de\/index.php?rest_route=%2Fwp%2Fv2%2Fmedia&parent=226"}],"wp:term":[{"taxonomy":"category","embeddable":true,"href":"https:\/\/urbanicom.de\/index.php?rest_route=%2Fwp%2Fv2%2Fcategories&post=226"},{"taxonomy":"post_tag","embeddable":true,"href":"https:\/\/urbanicom.de\/index.php?rest_route=%2Fwp%2Fv2%2Ftags&post=226"}],"curies":[{"name":"wp","href":"https:\/\/api.w.org\/{rel}","templated":true}]}}