{"id":232,"date":"2021-10-05T15:42:45","date_gmt":"2021-10-05T15:42:45","guid":{"rendered":"https:\/\/urbanicom.de\/?p=232"},"modified":"2021-11-25T10:47:23","modified_gmt":"2021-11-25T10:47:23","slug":"handelsdialog-baukultur-das-gespraech-2","status":"publish","type":"post","link":"https:\/\/urbanicom.de\/?p=232","title":{"rendered":"Handelsdialog Baukultur &#8211; Das Gespr\u00e4ch"},"content":{"rendered":"\n<p><strong>Wie kommen Handel und Innenst\u00e4dte aus der Krise? Eine Zwischenbilanz<\/strong><\/p>\n\n\n\n<p>Aufzeichnung der Veranstaltung vom 19. Oktober 2021<br><\/p>\n\n\n\n<!--more-->\n\n\n\n<figure class=\"wp-block-image size-large\"><img decoding=\"async\" src=\"https:\/\/einzelhandel.de\/images\/Stadt-Handel\/baukultur21.png\" alt=\"\"\/><\/figure>\n\n\n\n<p>Die Corona-Krise bedingten Schlie\u00dfungen mit enormen Ertragseinbu\u00dfen bei Einzelhandel, Gastronomie und Kultur stellen unsere Innenst\u00e4dte und Stadtteilzentren auf vor massive Probleme. Die damit verbundenen Gesch\u00e4ftsaufgaben wirken mittel- bis langfristig nach: auch in einst attraktive Lagen steigen Leerst\u00e4nde, bleiben Frequenzen niedrig, brechen wichtige Innenstadtnutzungen weg.<\/p>\n\n\n\n<p>Die Bundesregierung hat mit der<a href=\"https:\/\/www.bmi.bund.de\/SharedDocs\/downloads\/DE\/veroeffentlichungen\/themen\/bauen\/wohnen\/innenstadtstrategie.pdf;jsessionid=40D72FF48DA771EDBB80454DC204D9D4.2_cid295?__blob=publicationFile&amp;v=2\" target=\"_blank\" rel=\"noreferrer noopener\"> Innenstadtstrategie des Beirats Innenst\u00e4dte<\/a> und dem F\u00f6rderprogramm \u201eZukunftsf\u00e4hige Innenst\u00e4dte und Zentren\u201c die Aufgabenstellungen aufgegriffen.<\/p>\n\n\n\n<p>Mit dieser Veranstaltung haben wir mit Experten und Politikern eine Zwischenbilanz gezogen:<\/p>\n\n\n\n<ul class=\"wp-block-list\"><li>Wo stehen wir heute?<\/li><li>Wie ist die Situation in den Innenst\u00e4dten und welche Entwicklungen zeichnen sich ab?<\/li><li>Welche Ma\u00dfnahmen wurden auf den verschiedenen Ebenen eingeleitet?<\/li><li>Reicht dies, um die die gebeutelten Zentren als lebendige, vielf\u00e4ltige, identit\u00e4tsbildende und resiliente Mittelpunkte f\u00fcr alle Menschen zu erhalten?<\/li><\/ul>\n\n\n\n<p>Ma\u00dfgebliche Entscheider:innen aus der Politik, den Ministerien den Verb\u00e4nden diskutierten mit uns die aktuellen Fragen der Handels- und Stadtentwicklung<\/p>\n\n\n\n<p>Die Aufzeichnung der Veranstaltung vom 19. Oktober 2021 finden Sie unter <a href=\"https:\/\/einzelhandel.de\/baukultur\">https:\/\/einzelhandel.de\/baukultur <\/a><\/p>\n","protected":false},"excerpt":{"rendered":"<p>Wie kommen Handel und Innenst\u00e4dte aus der Krise? Eine Zwischenbilanz Aufzeichnung der Veranstaltung vom 19. Oktober 2021<\/p>\n","protected":false},"author":1,"featured_media":0,"comment_status":"closed","ping_status":"closed","sticky":false,"template":"","format":"standard","meta":{"footnotes":""},"categories":[5],"tags":[],"class_list":["post-232","post","type-post","status-publish","format-standard","hentry","category-aktuelles"],"_links":{"self":[{"href":"https:\/\/urbanicom.de\/index.php?rest_route=\/wp\/v2\/posts\/232"}],"collection":[{"href":"https:\/\/urbanicom.de\/index.php?rest_route=\/wp\/v2\/posts"}],"about":[{"href":"https:\/\/urbanicom.de\/index.php?rest_route=\/wp\/v2\/types\/post"}],"author":[{"embeddable":true,"href":"https:\/\/urbanicom.de\/index.php?rest_route=\/wp\/v2\/users\/1"}],"replies":[{"embeddable":true,"href":"https:\/\/urbanicom.de\/index.php?rest_route=%2Fwp%2Fv2%2Fcomments&post=232"}],"version-history":[{"count":7,"href":"https:\/\/urbanicom.de\/index.php?rest_route=\/wp\/v2\/posts\/232\/revisions"}],"predecessor-version":[{"id":241,"href":"https:\/\/urbanicom.de\/index.php?rest_route=\/wp\/v2\/posts\/232\/revisions\/241"}],"wp:attachment":[{"href":"https:\/\/urbanicom.de\/index.php?rest_route=%2Fwp%2Fv2%2Fmedia&parent=232"}],"wp:term":[{"taxonomy":"category","embeddable":true,"href":"https:\/\/urbanicom.de\/index.php?rest_route=%2Fwp%2Fv2%2Fcategories&post=232"},{"taxonomy":"post_tag","embeddable":true,"href":"https:\/\/urbanicom.de\/index.php?rest_route=%2Fwp%2Fv2%2Ftags&post=232"}],"curies":[{"name":"wp","href":"https:\/\/api.w.org\/{rel}","templated":true}]}}