{"id":296,"date":"2022-07-04T07:15:25","date_gmt":"2022-07-04T07:15:25","guid":{"rendered":"https:\/\/urbanicom.de\/?p=296"},"modified":"2022-07-04T07:28:05","modified_gmt":"2022-07-04T07:28:05","slug":"handelsdialog-baukultur-die-reise","status":"publish","type":"post","link":"https:\/\/urbanicom.de\/?p=296","title":{"rendered":"Handelsdialog Baukultur \u2013 Die Reise"},"content":{"rendered":"\n<figure class=\"wp-block-image size-large\"><img loading=\"lazy\" decoding=\"async\" width=\"902\" height=\"451\" src=\"https:\/\/urbanicom.de\/wp-content\/uploads\/2022\/07\/handelsdialog22-Reise.png\" alt=\"\" class=\"wp-image-298\" srcset=\"https:\/\/urbanicom.de\/wp-content\/uploads\/2022\/07\/handelsdialog22-Reise.png 902w, https:\/\/urbanicom.de\/wp-content\/uploads\/2022\/07\/handelsdialog22-Reise-300x150.png 300w, https:\/\/urbanicom.de\/wp-content\/uploads\/2022\/07\/handelsdialog22-Reise-768x384.png 768w, https:\/\/urbanicom.de\/wp-content\/uploads\/2022\/07\/handelsdialog22-Reise-500x250.png 500w\" sizes=\"(max-width: 902px) 100vw, 902px\" \/><\/figure>\n\n\n\n<p>\u201eDie Bundesstiftung Baukultur, der Deutsche Verband f\u00fcr Wohnungswesen, St\u00e4dtebau und Raumordnung sowie der Handelsverband Deutschland haben nach 2016 und 2018 in Kooperation mit <span style=\"color:#ed7d31\" class=\"has-inline-color\">urbanicom <\/span>wieder ein sehr interessantes Programm im Rahmen des \u201e<strong>Handelsdialog Baukultur \u2013 Die Reise<\/strong>\u201c zusammengestellt, zu dem Sie sich gern anmelden k\u00f6nnen.\u201c <\/p>\n\n\n\n<!--more-->\n\n\n\n<p><strong>Handelsdialog Baukultur \u2013 Die Reise<\/strong><br><strong>22. und 23. August 2022Aarhus (D\u00e4nemark)<\/strong><\/p>\n\n\n\n<p>Sowohl die Bundesstiftung Baukultur, der Deutsche Verband f\u00fcr Wohnungswesen, St\u00e4dtebau und Raumordnung und der Handelsverband Deutschland sind Mitglieder bei <span style=\"color:#ed7d31\" class=\"has-inline-color\">urbanicom<\/span>, so dass die Organisation in enger Abstimmung und mit Unterst\u00fctzung von <span style=\"color:#ed7d31\" class=\"has-inline-color\">urbanicom <\/span>erfolgte.<\/p>\n\n\n\n<p>Attraktive (Innen-)St\u00e4dte und lebendiger Einzelhandel ben\u00f6tigen eine hohe Aufenthaltsqualit\u00e4t, eine ansprechende bauliche Gestaltung sowie eine angenehme Atmosph\u00e4re. Handelsimmobilien sind ein wesentlicher Bestandteil einer Stadtstruktur und Ihrer Atmosph\u00e4re. Mit ihnen k\u00f6nnen nicht nur Handelsr\u00e4ume, sondern auch baulich ansprechende, qualitative Stadtr\u00e4ume entstehen \u2013 sodass sich Einzelhandel und Stadt gegenseitig in Attraktivit\u00e4t, Vitalit\u00e4t und Funktionalit\u00e4t st\u00e4rken. Im Zeitalter der Digitalisierung gilt es mehr noch als bisher die analogen St\u00e4rken der Innenst\u00e4dte und des Handels herauszustellen.<br><br>W\u00e4hrend der exklusiven Delegationsreise nach Aarhus soll dieses Thema aufgegriffen und in einem interdisziplin\u00e4ren Meinungsaustausch durch Ortsbesichtigungen vertieft werden.<br><br>Die selbsternannte \u201ekleinste Gro\u00dfstadt der Welt\u201c mit nordischem Charme ist eine vitale Studentenstadt und sp\u00e4testens seit dem Titel \u201eKulturhauptstadt Europas\u201c im Jahr 2017 ein beliebtes Reiseziel. Sie ist ein Ort innovativer Architektur und Stadtplanung, der durch seinen kleinst\u00e4dtischen Charme gepaart mit hohem gestalterischem Anspruch \u00fcberzeugt. Als ehemalige Hansestadt im Strukturwandel bietet Aarhus vielf\u00e4ltige Ankn\u00fcpfungspunkte f\u00fcr einen Austausch zu den Notwendigkeiten des Handels und des St\u00e4dtebaus.<\/p>\n\n\n\n<p>Die Organisatoren bieten einem Kreis von ca. 50 Personen an, ausgesuchte Projekte kennenzulernen und die zuk\u00fcnftige Rolle der Baukultur f\u00fcr den Einzelhandel gemeinsam zu diskutieren.<br><br>Der Unkostenbeitrag f\u00fcr die Delegationsreise betr\u00e4gt 490,00 \u20ac zzgl. MWSt pro Person inkl. des gemeinsamen Abendessens am 22.08. Nicht enthalten sind An- und Abreise sowie \u00dcbernachtungskosten.<br><br>Einige Beitr\u00e4ge werden teilweise in englischer Sprache stattfinden.<\/p>\n\n\n\n<p>Bitte melden Sie sich \u00fcber diesen Registrierungslink verbindlich f\u00fcr die Reise an: <a href=\"https:\/\/eveeno.com\/321714344\"><span class=\"has-inline-color has-blue-color\">https:\/\/eveeno.com\/321714344<\/span><\/a> Im Anschluss erhalten Sie eine Best\u00e4tigung. Die Rechnung wird gesondert von den Organisatoren verschickt.<\/p>\n\n\n\n<p>PS: <span style=\"color:#ed7d31\" class=\"has-inline-color\">urbanicom <\/span>ist nicht Organisator der Delegationsreise und erh\u00e4lt aus den Anmeldungen keine finanziellen Zuwendungen. Durch die enge Verzahnung mit den Organisatoren ist es uns jedoch m\u00f6glich, Ihnen als die Teilnahme anzubieten.<\/p>\n\n\n\n<p>Hier finden Sie das <a href=\"https:\/\/einzelhandel.de\/index.php?option=com_attachments&amp;task=download&amp;id=10674\"><span class=\"has-inline-color has-blue-color\">aktuelle Programm<\/span><\/a> zur Reise<\/p>\n","protected":false},"excerpt":{"rendered":"<p>\u201eDie Bundesstiftung Baukultur, der Deutsche Verband f\u00fcr Wohnungswesen, St\u00e4dtebau und Raumordnung sowie der Handelsverband Deutschland haben nach 2016 und 2018 in Kooperation mit urbanicom wieder ein sehr interessantes Programm im Rahmen des \u201eHandelsdialog Baukultur \u2013 Die Reise\u201c zusammengestellt, zu dem &hellip; <a href=\"https:\/\/urbanicom.de\/?p=296\">Weiterlesen <span class=\"meta-nav\">&rarr;<\/span><\/a><\/p>\n","protected":false},"author":1,"featured_media":0,"comment_status":"closed","ping_status":"closed","sticky":false,"template":"","format":"standard","meta":{"footnotes":""},"categories":[5],"tags":[],"class_list":["post-296","post","type-post","status-publish","format-standard","hentry","category-aktuelles"],"_links":{"self":[{"href":"https:\/\/urbanicom.de\/index.php?rest_route=\/wp\/v2\/posts\/296"}],"collection":[{"href":"https:\/\/urbanicom.de\/index.php?rest_route=\/wp\/v2\/posts"}],"about":[{"href":"https:\/\/urbanicom.de\/index.php?rest_route=\/wp\/v2\/types\/post"}],"author":[{"embeddable":true,"href":"https:\/\/urbanicom.de\/index.php?rest_route=\/wp\/v2\/users\/1"}],"replies":[{"embeddable":true,"href":"https:\/\/urbanicom.de\/index.php?rest_route=%2Fwp%2Fv2%2Fcomments&post=296"}],"version-history":[{"count":7,"href":"https:\/\/urbanicom.de\/index.php?rest_route=\/wp\/v2\/posts\/296\/revisions"}],"predecessor-version":[{"id":304,"href":"https:\/\/urbanicom.de\/index.php?rest_route=\/wp\/v2\/posts\/296\/revisions\/304"}],"wp:attachment":[{"href":"https:\/\/urbanicom.de\/index.php?rest_route=%2Fwp%2Fv2%2Fmedia&parent=296"}],"wp:term":[{"taxonomy":"category","embeddable":true,"href":"https:\/\/urbanicom.de\/index.php?rest_route=%2Fwp%2Fv2%2Fcategories&post=296"},{"taxonomy":"post_tag","embeddable":true,"href":"https:\/\/urbanicom.de\/index.php?rest_route=%2Fwp%2Fv2%2Ftags&post=296"}],"curies":[{"name":"wp","href":"https:\/\/api.w.org\/{rel}","templated":true}]}}