{"id":312,"date":"2022-09-28T07:44:00","date_gmt":"2022-09-28T07:44:00","guid":{"rendered":"https:\/\/urbanicom.de\/?p=312"},"modified":"2022-09-29T07:47:18","modified_gmt":"2022-09-29T07:47:18","slug":"lichter-aus-und-kauflaune-im-keller-was-wird-aus-unseren-innenstaedten","status":"publish","type":"post","link":"https:\/\/urbanicom.de\/?p=312","title":{"rendered":"\u201eLichter aus und Kauflaune im Keller &#8211; Was wird aus unseren Innenst\u00e4dten?\u201c"},"content":{"rendered":"\n<p>Diskussion auf &#8222;NDR Info &#8211; Redezeit&#8220; vom 21. September 2022<br>Zu Gast war u.a. Michael Reink, <strong>gesch\u00e4ftsf\u00fchrendes Vorstandsmitglied urbanicom e.V.<\/strong> und Bereichsleiter Standort- und Verkehrspolitik beim HDE<\/p>\n\n\n\n<!--more-->\n\n\n\n<h2 class=\"wp-block-heading\">Die moderne Innenstadt &#8211; welche Konzepte gibt es?<\/h2>\n\n\n\n<p>Es geht nicht vorrangig um Versorgung und Konsum, es geht um Aufenthaltsqualit\u00e4t \u2013 das ist das Motto vieler norddeutscher St\u00e4dte und Kleinst\u00e4dte. Aber welche konkreten Konzepte z\u00fcnden? Projekte wie \u201eWinsen2030\u201c oder Initiativen wie die \u201eB\u00fcrgergenossenschaft Holzminden\u201c setzen auf die Beteiligung der Anwohnerinnen und Anwohner auf allen Ebenen. Ist das der Weg, um Menschen \u2013 trotz Inflation und Energiekrise \u2013 in die Fu\u00dfg\u00e4ngerzonen (zur\u00fcck) zu locken?<\/p>\n\n\n\n<p>Moderatorin: Jessica Chmura<\/p>\n\n\n\n<p>G\u00e4ste:<\/p>\n\n\n\n<p><strong>Miriam Bullmann<br><\/strong>Vorst\u00e4ndin der B\u00fcrgergenossenschaft Holzminden eG<\/p>\n\n\n\n<p><strong>Birgit Hon\u00e9<br><\/strong>Ministerin f\u00fcr Bundes- und Europaangelegenheiten und Regionale Entwicklung des Landes Niedersachsen<\/p>\n\n\n\n<p><strong>Michael Reink<br><\/strong>Bereichsleiter Standort- und Verkehrspolitik im Handelsverband Deutschland &#8211; HDE &#8211; e.V.<\/p>\n\n\n\n<p><a href=\"https:\/\/www.ndr.de\/nachrichten\/info\/epg\/NDR-Info-Redezeit,sendung1287820.html\" target=\"_blank\" rel=\"noreferrer noopener\">Zur Aufzeichung des Interviews >><\/a><\/p>\n","protected":false},"excerpt":{"rendered":"<p>Diskussion auf &#8222;NDR Info &#8211; Redezeit&#8220; vom 21. September 2022Zu Gast war u.a. Michael Reink, gesch\u00e4ftsf\u00fchrendes Vorstandsmitglied urbanicom e.V. und Bereichsleiter Standort- und Verkehrspolitik beim HDE<\/p>\n","protected":false},"author":1,"featured_media":0,"comment_status":"closed","ping_status":"closed","sticky":false,"template":"","format":"standard","meta":{"footnotes":""},"categories":[5],"tags":[],"class_list":["post-312","post","type-post","status-publish","format-standard","hentry","category-aktuelles"],"_links":{"self":[{"href":"https:\/\/urbanicom.de\/index.php?rest_route=\/wp\/v2\/posts\/312"}],"collection":[{"href":"https:\/\/urbanicom.de\/index.php?rest_route=\/wp\/v2\/posts"}],"about":[{"href":"https:\/\/urbanicom.de\/index.php?rest_route=\/wp\/v2\/types\/post"}],"author":[{"embeddable":true,"href":"https:\/\/urbanicom.de\/index.php?rest_route=\/wp\/v2\/users\/1"}],"replies":[{"embeddable":true,"href":"https:\/\/urbanicom.de\/index.php?rest_route=%2Fwp%2Fv2%2Fcomments&post=312"}],"version-history":[{"count":2,"href":"https:\/\/urbanicom.de\/index.php?rest_route=\/wp\/v2\/posts\/312\/revisions"}],"predecessor-version":[{"id":314,"href":"https:\/\/urbanicom.de\/index.php?rest_route=\/wp\/v2\/posts\/312\/revisions\/314"}],"wp:attachment":[{"href":"https:\/\/urbanicom.de\/index.php?rest_route=%2Fwp%2Fv2%2Fmedia&parent=312"}],"wp:term":[{"taxonomy":"category","embeddable":true,"href":"https:\/\/urbanicom.de\/index.php?rest_route=%2Fwp%2Fv2%2Fcategories&post=312"},{"taxonomy":"post_tag","embeddable":true,"href":"https:\/\/urbanicom.de\/index.php?rest_route=%2Fwp%2Fv2%2Ftags&post=312"}],"curies":[{"name":"wp","href":"https:\/\/api.w.org\/{rel}","templated":true}]}}