{"id":412,"date":"2023-08-09T11:07:34","date_gmt":"2023-08-09T11:07:34","guid":{"rendered":"https:\/\/urbanicom.de\/?p=412"},"modified":"2023-08-09T11:07:57","modified_gmt":"2023-08-09T11:07:57","slug":"innenstaedte-podcast-des-handelsverbandes-nord","status":"publish","type":"post","link":"https:\/\/urbanicom.de\/?p=412","title":{"rendered":"Innenst\u00e4dte: Podcast des Handelsverbandes Nord"},"content":{"rendered":"\n<p>Im Gespr\u00e4ch: Michael Reink, gesch\u00e4ftsf\u00fchrendes Vorstandsmitglied bei urbanicom sowie Bereichsleiter Standort- und Verkehrspolitik beim Handelsverband Deutschland und Carl Kressmann vom Modehaus Kressmann. Moderiert von Andreas Kuhlage gehen Sie der Frage nach, ob und wie unsere Innerst\u00e4dte noch Zukunftsf\u00e4hig sind.<\/p>\n\n\n\n<!--more-->\n\n\n\n<figure class=\"wp-block-image size-full\"><a href=\"https:\/\/handel2go.podigee.io\/3-new-episode\"><img loading=\"lazy\" decoding=\"async\" width=\"536\" height=\"543\" src=\"https:\/\/urbanicom.de\/wp-content\/uploads\/2023\/08\/podcast-urbanicom.png\" alt=\"\" class=\"wp-image-413\" srcset=\"https:\/\/urbanicom.de\/wp-content\/uploads\/2023\/08\/podcast-urbanicom.png 536w, https:\/\/urbanicom.de\/wp-content\/uploads\/2023\/08\/podcast-urbanicom-296x300.png 296w\" sizes=\"(max-width: 536px) 100vw, 536px\" \/><\/a><\/figure>\n\n\n\n<p>hier geht es zum Podcast: <a href=\"https:\/\/handel2go.podigee.io\/3-new-episode\">https:\/\/handel2go.podigee.io\/3-new-episode<\/a><\/p>\n","protected":false},"excerpt":{"rendered":"<p>Im Gespr\u00e4ch: Michael Reink, gesch\u00e4ftsf\u00fchrendes Vorstandsmitglied bei urbanicom sowie Bereichsleiter Standort- und Verkehrspolitik beim Handelsverband Deutschland und Carl Kressmann vom Modehaus Kressmann. Moderiert von Andreas Kuhlage gehen Sie der Frage nach, ob und wie unsere Innerst\u00e4dte noch Zukunftsf\u00e4hig sind.<\/p>\n","protected":false},"author":1,"featured_media":0,"comment_status":"closed","ping_status":"","sticky":false,"template":"","format":"standard","meta":{"footnotes":""},"categories":[5],"tags":[],"class_list":["post-412","post","type-post","status-publish","format-standard","hentry","category-aktuelles"],"_links":{"self":[{"href":"https:\/\/urbanicom.de\/index.php?rest_route=\/wp\/v2\/posts\/412"}],"collection":[{"href":"https:\/\/urbanicom.de\/index.php?rest_route=\/wp\/v2\/posts"}],"about":[{"href":"https:\/\/urbanicom.de\/index.php?rest_route=\/wp\/v2\/types\/post"}],"author":[{"embeddable":true,"href":"https:\/\/urbanicom.de\/index.php?rest_route=\/wp\/v2\/users\/1"}],"replies":[{"embeddable":true,"href":"https:\/\/urbanicom.de\/index.php?rest_route=%2Fwp%2Fv2%2Fcomments&post=412"}],"version-history":[{"count":3,"href":"https:\/\/urbanicom.de\/index.php?rest_route=\/wp\/v2\/posts\/412\/revisions"}],"predecessor-version":[{"id":416,"href":"https:\/\/urbanicom.de\/index.php?rest_route=\/wp\/v2\/posts\/412\/revisions\/416"}],"wp:attachment":[{"href":"https:\/\/urbanicom.de\/index.php?rest_route=%2Fwp%2Fv2%2Fmedia&parent=412"}],"wp:term":[{"taxonomy":"category","embeddable":true,"href":"https:\/\/urbanicom.de\/index.php?rest_route=%2Fwp%2Fv2%2Fcategories&post=412"},{"taxonomy":"post_tag","embeddable":true,"href":"https:\/\/urbanicom.de\/index.php?rest_route=%2Fwp%2Fv2%2Ftags&post=412"}],"curies":[{"name":"wp","href":"https:\/\/api.w.org\/{rel}","templated":true}]}}